{"id":150,"date":"2019-11-16T13:00:00","date_gmt":"2019-11-16T12:00:00","guid":{"rendered":"https:\/\/gruene-oberkochen.de\/?p=150"},"modified":"2021-02-03T16:39:36","modified_gmt":"2021-02-03T15:39:36","slug":"__trashed","status":"publish","type":"post","link":"https:\/\/gruene-oberkochen.de\/?p=150","title":{"rendered":"Gr\u00fcne feiern bei bester Laune ein viertel Jahrhundert"},"content":{"rendered":"\n<h4 class=\"wp-block-heading\"><br>Beim Jubil\u00e4um Im Naturfreundehaus ehrt der Ortsverband Mitglieder. Warum Optimismus die Runde macht.<\/h4>\n\n\n\n<figure class=\"wp-block-gallery columns-0 is-cropped wp-block-gallery-1 is-layout-flex wp-block-gallery-is-layout-flex\"><ul class=\"blocks-gallery-grid\"><\/ul><\/figure>\n\n\n\n<p><\/p>\n\n\n\n<p><br>Getragen von den \u201eHochs\u201c in Land und Bund, aber auch vom gestiegenen Selbstbewusstsein der Entwicklung im Ortsverband und im Gemeinderat herrschte beim Ortsverband von B\u00fcndnis 90\/Die Gr\u00fcnen gute Feierlaune. Den musikalischen Aperitif setzten die Instrumentalisten Martin Schaub und Albert Schwarz mit Akkordeon, Gitarre und Stimme.<\/p>\n\n\n\n<p>Ortsverbandsvorsitzender Dr. Joachim Heppner konnte Mitglieder aller Fraktionen willkommen hei\u00dfen, was er als Zeichen f\u00fcrs gute Miteinander im Gemeinderat wertete.<\/p>\n\n\n\n<p>In gereimten Versen startete Ex-Gemeinder\u00e4tin Brigitte Hofmann den R\u00fcckblick. \u201e1994, Oberkochen, Stadt im Gr\u00fcnen, doch politisch gar nicht gr\u00fcn, deshalb zur Gr\u00fcndung eines Ortsverbands, nichts wie hin\u201c, sagte sie. Und die Gr\u00fcnen in Oberkochen seien binnen 25 Jahren zum politischen Engagement durchgestartet. Die Zeit des Alleinseins an den Info-St\u00e4nden sei l\u00e4ngst vorbei, die Gr\u00fcnen h\u00e4tten sich mit ihren aktuellen Themen zu Nachhaltigkeit und Umweltschutz Geh\u00f6r verschafft.<\/p>\n\n\n\n<p>Brigitte Hofmann erz\u00e4hlte von \u201eBio-Pommes\u201c auf dem Stadtfest, von Tempo 30 in Oberkochen, vom Schutz des Wolfertstals und von der \u201eQuerspange Ost\/West\u201c. \u201eWir haben uns reingeh\u00e4ngt und waren zur Stelle\u201c, sagte Hofmann, die selbst 15 Jahre einer der Motoren im Gemeinderat gewesen ist. Nicht au\u00dfen vor lie\u00df sie die Zufriedenheit, dass \u201ewir nun mit drei Gemeinder\u00e4ten im Kommunalparlament vertreten sind.\u201c Schlie\u00dflich w\u00fcnschte Hofmann dem Gr\u00fcnen-Ortsverband \u201eneue Leute mit Ideen, Energie und Mut\u201c, um den Vorw\u00e4rtsmarsch fortsetzen zu k\u00f6nnen.<\/p>\n\n\n\n<p>Bundestagsabgeordnete Margit Stumpp sagte: \u201eIhr habt 25 Jahre durchgehalten, seid bei der Stange geblieben und habt tolle Arbeit gemacht.\u201c Die Gr\u00fcnen lebten in Ostw\u00fcrttemberg noch immer in der Diaspora und die Frauen seien unterrepr\u00e4sentiert. Stumpp appellierte, die Friedensbewegung zu forcieren, diese brauche man angesichts der Kriegswirren und Unruhe-Herde auf der Welt mehr denn je.<\/p>\n\n\n\n<p>Richard Burger vertrat B\u00fcrgermeister Peter Traub, der zeitgleich beim Neub\u00fcrger-Empfang weilte. Die Gr\u00fcnen h\u00e4tten vor 25 Jahren auf Anhieb einen Sitz im Gemeinderat erhalten. Sie h\u00e4tten bis heute Konflikte nie gescheut. Burger r\u00e4umte ein, dass \u201everkrustete Strukturen im Gemeinderat\u201c aufgebrochen wurden. \u201eEs war nicht immer leicht mit euch\u201c, meinte Burger. Vor allem die \u201esoziale Stimme\u201c von Brigitte Hofmann werde im Gremium vermisst. B\u00fcndnis 90\/Die Gr\u00fcnen k\u00f6nnten stolz sein, aktuell den Fraktionsstatus erreicht zu haben.<\/p>\n\n\n\n<p>Ehrungen verdienter Mitglieder<\/p>\n\n\n\n<p>F\u00fcr 25 Jahre im Gr\u00fcnen-Ortsverband wurden geehrt: Dr. Joachim Heppner, Rudolf V\u00f6hringer, Brigitte Hofmann und Sabine Heppner-Dobers; f\u00fcr 20 Jahre Mitgliedschaft: Claudia Funk-Stricker, Janine Piper und Adelinde Pfistner.<\/p>\n\n\n\n<p><\/p>\n\n\n\n<p>Lothar Schell<\/p>\n\n\n\n<p>\u00a9 Schw\u00e4bische Post 20.11.2019 16:23<\/p>\n","protected":false},"excerpt":{"rendered":"<p>Beim Jubil\u00e4um Im Naturfreundehaus ehrt der Ortsverband Mitglieder. <\/p>\n","protected":false},"author":-1,"featured_media":108,"comment_status":"closed","ping_status":"closed","sticky":false,"template":"","format":"standard","meta":{"footnotes":""},"categories":[1],"tags":[],"class_list":["post-150","post","type-post","status-publish","format-standard","has-post-thumbnail","hentry","category-allgemein"],"_links":{"self":[{"href":"https:\/\/gruene-oberkochen.de\/index.php?rest_route=\/wp\/v2\/posts\/150","targetHints":{"allow":["GET"]}}],"collection":[{"href":"https:\/\/gruene-oberkochen.de\/index.php?rest_route=\/wp\/v2\/posts"}],"about":[{"href":"https:\/\/gruene-oberkochen.de\/index.php?rest_route=\/wp\/v2\/types\/post"}],"author":[{"embeddable":true,"href":"https:\/\/gruene-oberkochen.de\/index.php?rest_route=\/wp\/v2\/users\/2"}],"replies":[{"embeddable":true,"href":"https:\/\/gruene-oberkochen.de\/index.php?rest_route=%2Fwp%2Fv2%2Fcomments&post=150"}],"version-history":[{"count":7,"href":"https:\/\/gruene-oberkochen.de\/index.php?rest_route=\/wp\/v2\/posts\/150\/revisions"}],"predecessor-version":[{"id":190,"href":"https:\/\/gruene-oberkochen.de\/index.php?rest_route=\/wp\/v2\/posts\/150\/revisions\/190"}],"wp:featuredmedia":[{"embeddable":true,"href":"https:\/\/gruene-oberkochen.de\/index.php?rest_route=\/wp\/v2\/media\/108"}],"wp:attachment":[{"href":"https:\/\/gruene-oberkochen.de\/index.php?rest_route=%2Fwp%2Fv2%2Fmedia&parent=150"}],"wp:term":[{"taxonomy":"category","embeddable":true,"href":"https:\/\/gruene-oberkochen.de\/index.php?rest_route=%2Fwp%2Fv2%2Fcategories&post=150"},{"taxonomy":"post_tag","embeddable":true,"href":"https:\/\/gruene-oberkochen.de\/index.php?rest_route=%2Fwp%2Fv2%2Ftags&post=150"}],"curies":[{"name":"wp","href":"https:\/\/api.w.org\/{rel}","templated":true}]}}